{"id":5251,"date":"2025-06-03T14:03:58","date_gmt":"2025-06-03T12:03:58","guid":{"rendered":"https:\/\/stolpersteine-mainz.de\/?p=5251"},"modified":"2025-06-03T14:08:37","modified_gmt":"2025-06-03T12:08:37","slug":"rueckblick-auf-die-stolpersteinverlegung-am-20-mai-2025","status":"publish","type":"post","link":"https:\/\/stolpersteine-mainz.de\/index.php\/2025\/06\/03\/rueckblick-auf-die-stolpersteinverlegung-am-20-mai-2025\/","title":{"rendered":"R\u00fcckblick auf die Stolpersteinverlegung am 20. Mai 2025"},"content":{"rendered":"\n<p>Nach einem Gru\u00dfwort von Christine Schwarz f\u00fcr die Stolperstein-AG des Vereins f\u00fcr Sozialgeschichte Mainz e.V., in dem sie noch einmal die Arbeit der k\u00fcrzlich verstorbenen Renate Knigge-Tesche w\u00fcrdigte, und einer Rede der Kulturdezernentin Marianne Grosse, die die Bedeutung der Erinnerungsarbeit hervorhob, begann am 20. Mai die erste Stolpersteinverlegung in diesem Jahr in Mainz-Gonsenheim. Hier gab Gertrude Henn auf beeindruckende Weise einen Einblick in ihre Familiengeschichte und ihre Recherche zu Anna Maria Becker (Jg. 1886), Margaretha Katharina Martin, geb. Wei\u00df (Jg. 1914) und Fritz Martin (Jg. 1936), die allesamt Opfer der sogenannten \u201eEuthanasie\u201c-Morde wurden. Gemeinsam mit ihrer Schwester und ihrer Cousine trug Gertrude Henn im Anschluss die Steine an den Ort der Verlegung in der Gonsbachstra\u00dfe 6. Den musikalischen Ausklang gestalteten, wie auch bei den folgenden Verlegungen in der Altstadt, Sch\u00fclerinnen des Frauenlob-Gymnasiums.<\/p>\n\n\n\n<br>\n\n\n<div class=\"wp-block-image\">\n<figure class=\"aligncenter size-large is-resized\"><img loading=\"lazy\" decoding=\"async\" width=\"1024\" height=\"673\" src=\"https:\/\/stolpersteine-mainz.de\/wp-content\/uploads\/2025\/06\/Stolpersteine_Martin_Becker-1024x673.jpeg\" alt=\"\" class=\"wp-image-5256\" style=\"width:800px\" srcset=\"https:\/\/stolpersteine-mainz.de\/wp-content\/uploads\/2025\/06\/Stolpersteine_Martin_Becker-1024x673.jpeg 1024w, https:\/\/stolpersteine-mainz.de\/wp-content\/uploads\/2025\/06\/Stolpersteine_Martin_Becker-300x197.jpeg 300w, https:\/\/stolpersteine-mainz.de\/wp-content\/uploads\/2025\/06\/Stolpersteine_Martin_Becker-768x505.jpeg 768w, https:\/\/stolpersteine-mainz.de\/wp-content\/uploads\/2025\/06\/Stolpersteine_Martin_Becker-1536x1009.jpeg 1536w, https:\/\/stolpersteine-mainz.de\/wp-content\/uploads\/2025\/06\/Stolpersteine_Martin_Becker-2048x1345.jpeg 2048w, https:\/\/stolpersteine-mainz.de\/wp-content\/uploads\/2025\/06\/Stolpersteine_Martin_Becker-150x99.jpeg 150w\" sizes=\"auto, (max-width: 1024px) 100vw, 1024px\" \/><\/figure>\n<\/div>\n\n\n<br>\n\n\n\n<p>Die Biografien von Hermine Blum und Else Ganz wurden von Reinhard Frenzel recherchiert und vorgestellt. Auch die Pat*innen der jeweiligen Stolpersteine, das Muna-Kollektiv e.V. und Cornelia Kramer, begleiteten die Verlegungen. Hermine Blum, geb. Hirschmann, die ihren letzten frei gew\u00e4hlten Wohnsitz in der Emmerich-Josef-Stra\u00dfe 4 hatte, wurde im Alter von 70 Jahren 1942 nach Theresienstadt deportiert und ermordet. Else Ganz, geboren 1898, lebte in der Breidenbacherstra\u00dfe 25 ehe sie 1923 in die Heilanstalt Alzey eingewiesen wurde, von wo aus die Nationalsozialisten sie 1940 in die Heilanstalt Goddelau \u201averlegten\u2018 und dort ermordeten.<\/p>\n\n\n\n<br>\n\n\n\n<div class=\"wp-block-columns is-layout-flex wp-container-core-columns-is-layout-9d6595d7 wp-block-columns-is-layout-flex\">\n<div class=\"wp-block-column is-layout-flow wp-block-column-is-layout-flow\"><div class=\"wp-block-image\">\n<figure class=\"aligncenter size-large is-resized\"><img loading=\"lazy\" decoding=\"async\" width=\"970\" height=\"1024\" src=\"https:\/\/stolpersteine-mainz.de\/wp-content\/uploads\/2025\/06\/Stolperstein_Blum-970x1024.jpeg\" alt=\"\" class=\"wp-image-5254\" style=\"width:400px\" srcset=\"https:\/\/stolpersteine-mainz.de\/wp-content\/uploads\/2025\/06\/Stolperstein_Blum-970x1024.jpeg 970w, https:\/\/stolpersteine-mainz.de\/wp-content\/uploads\/2025\/06\/Stolperstein_Blum-284x300.jpeg 284w, https:\/\/stolpersteine-mainz.de\/wp-content\/uploads\/2025\/06\/Stolperstein_Blum-768x811.jpeg 768w, https:\/\/stolpersteine-mainz.de\/wp-content\/uploads\/2025\/06\/Stolperstein_Blum-142x150.jpeg 142w, https:\/\/stolpersteine-mainz.de\/wp-content\/uploads\/2025\/06\/Stolperstein_Blum.jpeg 1078w\" sizes=\"auto, (max-width: 970px) 100vw, 970px\" \/><\/figure>\n<\/div><\/div>\n\n\n\n<div class=\"wp-block-column is-layout-flow wp-block-column-is-layout-flow\"><div class=\"wp-block-image\">\n<figure class=\"aligncenter size-large is-resized\"><img loading=\"lazy\" decoding=\"async\" width=\"968\" height=\"1024\" src=\"https:\/\/stolpersteine-mainz.de\/wp-content\/uploads\/2025\/06\/Stolperstein_Ganz-968x1024.jpeg\" alt=\"\" class=\"wp-image-5255\" style=\"width:400px\" srcset=\"https:\/\/stolpersteine-mainz.de\/wp-content\/uploads\/2025\/06\/Stolperstein_Ganz-968x1024.jpeg 968w, https:\/\/stolpersteine-mainz.de\/wp-content\/uploads\/2025\/06\/Stolperstein_Ganz-284x300.jpeg 284w, https:\/\/stolpersteine-mainz.de\/wp-content\/uploads\/2025\/06\/Stolperstein_Ganz-768x812.jpeg 768w, https:\/\/stolpersteine-mainz.de\/wp-content\/uploads\/2025\/06\/Stolperstein_Ganz-142x150.jpeg 142w, https:\/\/stolpersteine-mainz.de\/wp-content\/uploads\/2025\/06\/Stolperstein_Ganz.jpeg 1076w\" sizes=\"auto, (max-width: 968px) 100vw, 968px\" \/><\/figure>\n<\/div><\/div>\n<\/div>\n\n\n\n<br>\n\n\n\n<p>In der Emmeranstra\u00dfe 10 wartete eine gr\u00f6\u00dfere Gruppe von Interessierten. Bei der Vorstellung der Biografie von Siegfried \u201eSissi\u201c Rosenbusch durch Cornelia Dold wurde dessen Verwurzelung in der Mainzer Fastnachtsszene und besonders auch in der Fangemeinde von Mainz 05 deutlich. So gab es auch eine kurze Rede von Benedikt Sturm, Mitglied des Aufsichtsrates des 1. FSV Mainz 05, und der FC Ente Bagdad \u00fcbernahm die Patenschaft f\u00fcr den Stein f\u00fcr Siegfried Rosenbusch. Siegfried (Jg. 1904), sein Bruder Albert Rosenbusch (Jg. 1905) und dessen Frau Erna Rosenbusch, geb. Fr\u00f6hlich (Jg. 1915), wurden 1942 nach Piaski deportiert. Wann und unter welchen Umst\u00e4nden sie dort starben, ist nicht \u00fcberliefert. Die Mutter der beiden Br\u00fcder, Therese Rosenbusch (Jg.1876), wurde 1942 nach Theresienstadt deportiert und dort ermordet. <br>Bei dieser Verlegung trat eine Zuschauerin spontan in die Mitte des Kreises und appellierte an die Anwesenden, nicht zuzulassen, dass sich die Ausgrenzung von Menschen oder bestimmten Gruppen von Menschen wiederhole. Man d\u00fcrfe nicht zulassen, dass die Gesellschaft bestimmte Menschen f\u00fcr alles Negative verantwortlich mache, sie zu \u201eMenschen zweiter Klasse\u201c mache, denn der Blick in die Vergangenheit zeige, wie es anschlie\u00dfend zu Verfolgung und Ermordung komme. <\/p>\n\n\n\n<br>\n\n\n<div class=\"wp-block-image\">\n<figure class=\"aligncenter size-large is-resized\"><img loading=\"lazy\" decoding=\"async\" width=\"768\" height=\"1024\" src=\"https:\/\/stolpersteine-mainz.de\/wp-content\/uploads\/2025\/06\/Stolpersteine_Rosenbusch-768x1024.jpeg\" alt=\"\" class=\"wp-image-5252\" style=\"width:800px\" srcset=\"https:\/\/stolpersteine-mainz.de\/wp-content\/uploads\/2025\/06\/Stolpersteine_Rosenbusch-768x1024.jpeg 768w, https:\/\/stolpersteine-mainz.de\/wp-content\/uploads\/2025\/06\/Stolpersteine_Rosenbusch-225x300.jpeg 225w, https:\/\/stolpersteine-mainz.de\/wp-content\/uploads\/2025\/06\/Stolpersteine_Rosenbusch-1152x1536.jpeg 1152w, https:\/\/stolpersteine-mainz.de\/wp-content\/uploads\/2025\/06\/Stolpersteine_Rosenbusch-1536x2048.jpeg 1536w, https:\/\/stolpersteine-mainz.de\/wp-content\/uploads\/2025\/06\/Stolpersteine_Rosenbusch-113x150.jpeg 113w, https:\/\/stolpersteine-mainz.de\/wp-content\/uploads\/2025\/06\/Stolpersteine_Rosenbusch-scaled.jpeg 1920w\" sizes=\"auto, (max-width: 768px) 100vw, 768px\" \/><\/figure>\n<\/div>\n\n\n<br>\n\n\n\n<p>Begleitet von Sch\u00fcler*innen und den Pat*innen, einer Gruppe von Besch\u00e4ftigten der Mainzer Mobilit\u00e4t, fand die letzte Verlegung eines Stolpersteins an diesem Tag in der Bauhofstra\u00dfe 8 statt. Das Schicksal von Henriette Roos, geb. Kaufmann, die im Jahr 1942 deportiert wurde \u2013 mit weit \u00fcber 70 Jahren, in schlechter gesundheitlicher Verfassung und schon seit Jahren medizinisch unterversorgt \u2013 zeigt den gnadenlosen Umgang der Nationalsozialisten mit \u00e4lteren und kranken Menschen. Dies wurde auch in den Lebensl\u00e4ufen von anderen Menschen, f\u00fcr die an diesem Tag Stolpersteine verlegt wurden, deutlich. Die \u201aTodesfallanzeige\u2018 aus Theresienstadt f\u00fcr Henriette Roos tr\u00e4gt das Datum 24. Februar 1943.<\/p>\n\n\n\n<p>Die Biografien der Menschen, f\u00fcr die in Mainz Stolpersteine verlegt wurden, werden nach und nach auf einer eigenen Webseite hochgeladen: <a href=\"https:\/\/stolpersteine-mainz.de\/index.php\/stolpersteine-in-mainz\/biografien\/\">https:\/\/stolpersteine-mainz.de\/index.php\/stolpersteine-in-mainz\/biografien\/<\/a><\/p>\n\n\n\n<br>\n\n\n<div class=\"wp-block-image\">\n<figure class=\"aligncenter size-large is-resized\"><img loading=\"lazy\" decoding=\"async\" width=\"1024\" height=\"768\" src=\"https:\/\/stolpersteine-mainz.de\/wp-content\/uploads\/2025\/06\/Musik_20_5-1024x768.jpeg\" alt=\"\" class=\"wp-image-5253\" style=\"width:800px\" srcset=\"https:\/\/stolpersteine-mainz.de\/wp-content\/uploads\/2025\/06\/Musik_20_5-1024x768.jpeg 1024w, https:\/\/stolpersteine-mainz.de\/wp-content\/uploads\/2025\/06\/Musik_20_5-300x225.jpeg 300w, https:\/\/stolpersteine-mainz.de\/wp-content\/uploads\/2025\/06\/Musik_20_5-768x576.jpeg 768w, https:\/\/stolpersteine-mainz.de\/wp-content\/uploads\/2025\/06\/Musik_20_5-1536x1152.jpeg 1536w, https:\/\/stolpersteine-mainz.de\/wp-content\/uploads\/2025\/06\/Musik_20_5-150x113.jpeg 150w, https:\/\/stolpersteine-mainz.de\/wp-content\/uploads\/2025\/06\/Musik_20_5.jpeg 2048w\" sizes=\"auto, (max-width: 1024px) 100vw, 1024px\" \/><\/figure>\n<\/div>\n\n\n<p><\/p>\n","protected":false},"excerpt":{"rendered":"<p>Nach einem Gru\u00dfwort von Christine Schwarz f\u00fcr die Stolperstein-AG des Vereins f\u00fcr Sozialgeschichte Mainz e.V., in dem sie noch einmal die Arbeit der k\u00fcrzlich verstorbenen Renate Knigge-Tesche w\u00fcrdigte, und einer Rede der Kulturdezernentin Marianne Grosse, die die Bedeutung der Erinnerungsarbeit hervorhob, begann am 20. Mai die erste Stolpersteinverlegung in diesem&#8230;<\/p>\n<p> <a class=\"continue-reading-link\" href=\"https:\/\/stolpersteine-mainz.de\/index.php\/2025\/06\/03\/rueckblick-auf-die-stolpersteinverlegung-am-20-mai-2025\/\"><span>mehr Infos<\/span><i class=\"crycon-right-dir\"><\/i><\/a> <\/p>\n","protected":false},"author":2,"featured_media":5256,"comment_status":"closed","ping_status":"open","sticky":false,"template":"","format":"standard","meta":{"ngg_post_thumbnail":0,"footnotes":""},"categories":[14],"tags":[],"class_list":["post-5251","post","type-post","status-publish","format-standard","has-post-thumbnail","hentry","category-aktuelles"],"_links":{"self":[{"href":"https:\/\/stolpersteine-mainz.de\/index.php\/wp-json\/wp\/v2\/posts\/5251","targetHints":{"allow":["GET"]}}],"collection":[{"href":"https:\/\/stolpersteine-mainz.de\/index.php\/wp-json\/wp\/v2\/posts"}],"about":[{"href":"https:\/\/stolpersteine-mainz.de\/index.php\/wp-json\/wp\/v2\/types\/post"}],"author":[{"embeddable":true,"href":"https:\/\/stolpersteine-mainz.de\/index.php\/wp-json\/wp\/v2\/users\/2"}],"replies":[{"embeddable":true,"href":"https:\/\/stolpersteine-mainz.de\/index.php\/wp-json\/wp\/v2\/comments?post=5251"}],"version-history":[{"count":3,"href":"https:\/\/stolpersteine-mainz.de\/index.php\/wp-json\/wp\/v2\/posts\/5251\/revisions"}],"predecessor-version":[{"id":5261,"href":"https:\/\/stolpersteine-mainz.de\/index.php\/wp-json\/wp\/v2\/posts\/5251\/revisions\/5261"}],"wp:featuredmedia":[{"embeddable":true,"href":"https:\/\/stolpersteine-mainz.de\/index.php\/wp-json\/wp\/v2\/media\/5256"}],"wp:attachment":[{"href":"https:\/\/stolpersteine-mainz.de\/index.php\/wp-json\/wp\/v2\/media?parent=5251"}],"wp:term":[{"taxonomy":"category","embeddable":true,"href":"https:\/\/stolpersteine-mainz.de\/index.php\/wp-json\/wp\/v2\/categories?post=5251"},{"taxonomy":"post_tag","embeddable":true,"href":"https:\/\/stolpersteine-mainz.de\/index.php\/wp-json\/wp\/v2\/tags?post=5251"}],"curies":[{"name":"wp","href":"https:\/\/api.w.org\/{rel}","templated":true}]}}