{"id":5121,"date":"2025-05-06T15:58:59","date_gmt":"2025-05-06T13:58:59","guid":{"rendered":"https:\/\/stolpersteine-mainz.de\/?p=5121"},"modified":"2025-05-06T15:58:59","modified_gmt":"2025-05-06T13:58:59","slug":"nachruf-fuer-renate-knigge-tesche","status":"publish","type":"post","link":"https:\/\/stolpersteine-mainz.de\/index.php\/2025\/05\/06\/nachruf-fuer-renate-knigge-tesche\/","title":{"rendered":"Nachruf f\u00fcr Renate Knigge-Tesche"},"content":{"rendered":"\n<p>Der Verein f\u00fcr Sozialgeschichte Mainz e.V. trauert um sein langj\u00e4hriges Mitglied Renate Knigge-Tesche. Renate trat Ende der 1990er Jahre unserem Verein bei, nachdem wir uns durch die Besch\u00e4ftigung mit der Zeit des Nationalsozialismus schon l\u00e4nger kannten. Ihre Arbeit als Leiterin des Gedenkst\u00e4tten-Referats der Hessischen Landeszentrale f\u00fcr politische Bildung und ihre Ver\u00f6ffentlichungen zu den Themen Widerstand, Ausgrenzung und Verfolgung von Minderheiten, Gedenkarbeit sowie Bewahrung der Erinnerung von \u00dcberlebenden \u00fcberschnitten sich mit den von uns bearbeiteten Fragen. Besonders wichtig war Renate der Kontakt zu Zeitzeuginnen und Zeitzeugen; freundschaftlich verbunden war sie mit Ruth L. David, deren Erinnerungen sie publizierte und die sie zu vielen Gespr\u00e4chen in Schulklassen begleitete.<\/p>\n\n\n\n<p>Nachdem Renate in den Ruhestand getreten war, widmete sie ihre Zeit verst\u00e4rkt der geschichtlichen Forschung und Gedenkarbeit in Mainz und in ihrem Stadtteil Hechtsheim. 2013 erschien das von ihr zusammen mit Hedwig Br\u00fcchert herausgegebene Buch \u201eDer Neue J\u00fcdische Friedhof in Mainz\u201c. Daraus entwickelte sich die j\u00e4hrliche F\u00fchrung auf diesem Friedhof, bei der verschiedene Mainzer j\u00fcdische Familien vorgestellt wurden. Renate regte an, Stolpersteine f\u00fcr deportierte Mitglieder dieser Familien zu setzen, und verfasste selbst eine gro\u00dfe Zahl von Biographien der Opfer. Schlie\u00dflich \u00fcbernahm sie die Leitung der \u201eStolperstein-AG\u201c und organisierte mehrere Jahre lang in Zusammenarbeit mit der Stadtverwaltung die Mainzer Stolperstein-Verlegungen, meist in Anwesenheit des K\u00fcnstlers Gunter Demnig. Oft reisten auch Nachkommen der Personen, derer gedacht wurde, aus Israel, England, den USA und anderen Teilen der Welt an. Dar\u00fcber hinaus forschte Renate zu verschiedenen regionalgeschichtlichen Themen, wie dem Ersten Weltkrieg, zu dem ein Beitrag von ihr \u00fcber die \u201eEhrenchronik der Gemeinde Hechtsheim 1914-1918\u201c in den \u201eMainzer Geschichtsbl\u00e4ttern\u201c erschien. Viele Jahre geh\u00f6rte Renate Knigge-Tesche dem Vorstand unseres Vereins an, brachte viele Ideen ein, lie\u00df aber auch mahnende Worte h\u00f6ren, wenn es mit Projekten nicht schnell genug voranging.<\/p>\n\n\n\n<p>Renates ehrenamtliches Engagement ging jedoch weit \u00fcber die Mitarbeit in unserem Geschichtsverein hinaus. Sie war in mehreren anderen Organisationen, wie dem Verein Hechtsheimer Ortsgeschichte, dem Stadthistorischen Museum Mainz, dem F\u00f6rderverein der IGS Mainz-Bretzenheim und sp\u00e4ter der dritten Mainzer IGS in Hechtsheim sowie der Hechtsheimer SPD, als aktives Mitglied hoch gesch\u00e4tzt. Wir alle werden sie, ihre ruhige besonnene Art, ihren kritischen Geist und ihren trockenen Humor vermissen.<\/p>\n\n\n\n<br>\n\n\n\n<figure class=\"wp-block-image size-large\"><img loading=\"lazy\" decoding=\"async\" width=\"1024\" height=\"768\" src=\"https:\/\/stolpersteine-mainz.de\/wp-content\/uploads\/2025\/05\/DSCF4412-1024x768.jpg\" alt=\"\" class=\"wp-image-5122\" srcset=\"https:\/\/stolpersteine-mainz.de\/wp-content\/uploads\/2025\/05\/DSCF4412-1024x768.jpg 1024w, https:\/\/stolpersteine-mainz.de\/wp-content\/uploads\/2025\/05\/DSCF4412-300x225.jpg 300w, https:\/\/stolpersteine-mainz.de\/wp-content\/uploads\/2025\/05\/DSCF4412-768x576.jpg 768w, https:\/\/stolpersteine-mainz.de\/wp-content\/uploads\/2025\/05\/DSCF4412-1536x1152.jpg 1536w, https:\/\/stolpersteine-mainz.de\/wp-content\/uploads\/2025\/05\/DSCF4412-2048x1536.jpg 2048w, https:\/\/stolpersteine-mainz.de\/wp-content\/uploads\/2025\/05\/DSCF4412-150x113.jpg 150w\" sizes=\"auto, (max-width: 1024px) 100vw, 1024px\" \/><\/figure>\n\n\n\n<br>\n\n\n\n<figure class=\"wp-block-image size-large\"><img loading=\"lazy\" decoding=\"async\" width=\"1024\" height=\"768\" src=\"https:\/\/stolpersteine-mainz.de\/wp-content\/uploads\/2025\/05\/DSCF6928-1024x768.jpg\" alt=\"\" class=\"wp-image-5123\" srcset=\"https:\/\/stolpersteine-mainz.de\/wp-content\/uploads\/2025\/05\/DSCF6928-1024x768.jpg 1024w, https:\/\/stolpersteine-mainz.de\/wp-content\/uploads\/2025\/05\/DSCF6928-300x225.jpg 300w, https:\/\/stolpersteine-mainz.de\/wp-content\/uploads\/2025\/05\/DSCF6928-768x576.jpg 768w, https:\/\/stolpersteine-mainz.de\/wp-content\/uploads\/2025\/05\/DSCF6928-1536x1152.jpg 1536w, https:\/\/stolpersteine-mainz.de\/wp-content\/uploads\/2025\/05\/DSCF6928-2048x1536.jpg 2048w, https:\/\/stolpersteine-mainz.de\/wp-content\/uploads\/2025\/05\/DSCF6928-150x113.jpg 150w\" sizes=\"auto, (max-width: 1024px) 100vw, 1024px\" \/><\/figure>\n","protected":false},"excerpt":{"rendered":"<p>Der Verein f\u00fcr Sozialgeschichte Mainz e.V. trauert um sein langj\u00e4hriges Mitglied Renate Knigge-Tesche. Renate trat Ende der 1990er Jahre unserem Verein bei, nachdem wir uns durch die Besch\u00e4ftigung mit der Zeit des Nationalsozialismus schon l\u00e4nger kannten. Ihre Arbeit als Leiterin des Gedenkst\u00e4tten-Referats der Hessischen Landeszentrale f\u00fcr politische Bildung und ihre&#8230;<\/p>\n<p> <a class=\"continue-reading-link\" href=\"https:\/\/stolpersteine-mainz.de\/index.php\/2025\/05\/06\/nachruf-fuer-renate-knigge-tesche\/\"><span>mehr Infos<\/span><i class=\"crycon-right-dir\"><\/i><\/a> <\/p>\n","protected":false},"author":2,"featured_media":0,"comment_status":"closed","ping_status":"open","sticky":false,"template":"","format":"standard","meta":{"ngg_post_thumbnail":0,"footnotes":""},"categories":[14,1],"tags":[],"class_list":["post-5121","post","type-post","status-publish","format-standard","hentry","category-aktuelles","category-allgemein"],"_links":{"self":[{"href":"https:\/\/stolpersteine-mainz.de\/index.php\/wp-json\/wp\/v2\/posts\/5121","targetHints":{"allow":["GET"]}}],"collection":[{"href":"https:\/\/stolpersteine-mainz.de\/index.php\/wp-json\/wp\/v2\/posts"}],"about":[{"href":"https:\/\/stolpersteine-mainz.de\/index.php\/wp-json\/wp\/v2\/types\/post"}],"author":[{"embeddable":true,"href":"https:\/\/stolpersteine-mainz.de\/index.php\/wp-json\/wp\/v2\/users\/2"}],"replies":[{"embeddable":true,"href":"https:\/\/stolpersteine-mainz.de\/index.php\/wp-json\/wp\/v2\/comments?post=5121"}],"version-history":[{"count":2,"href":"https:\/\/stolpersteine-mainz.de\/index.php\/wp-json\/wp\/v2\/posts\/5121\/revisions"}],"predecessor-version":[{"id":5125,"href":"https:\/\/stolpersteine-mainz.de\/index.php\/wp-json\/wp\/v2\/posts\/5121\/revisions\/5125"}],"wp:attachment":[{"href":"https:\/\/stolpersteine-mainz.de\/index.php\/wp-json\/wp\/v2\/media?parent=5121"}],"wp:term":[{"taxonomy":"category","embeddable":true,"href":"https:\/\/stolpersteine-mainz.de\/index.php\/wp-json\/wp\/v2\/categories?post=5121"},{"taxonomy":"post_tag","embeddable":true,"href":"https:\/\/stolpersteine-mainz.de\/index.php\/wp-json\/wp\/v2\/tags?post=5121"}],"curies":[{"name":"wp","href":"https:\/\/api.w.org\/{rel}","templated":true}]}}